{"id":790,"date":"2024-06-11T18:12:30","date_gmt":"2024-06-11T17:12:30","guid":{"rendered":"https:\/\/sarneraatal.ch\/?p=790"},"modified":"2024-06-11T18:12:30","modified_gmt":"2024-06-11T17:12:30","slug":"generalversammlung-rettungsstation-sarneraatal-vom-26-04-2024","status":"publish","type":"post","link":"https:\/\/sarneraatal.ch\/index.php\/2024\/06\/11\/generalversammlung-rettungsstation-sarneraatal-vom-26-04-2024\/","title":{"rendered":"Generalversammlung Rettungsstation Sarneraatal vom 26.04.2024"},"content":{"rendered":"<p>Die Generalversammlung der Rettungsstation Sarneraatal wurde von Pr\u00e4sident Marco Rohrer er\u00f6ffnet und fand im Giswil bei Edith&#8217;s Alpenr\u00f6sli statt. Das Protokoll der letzten Versammlung wurde genehmigt. Die Jahresberichte des Rettungschefs, der Technischen Leiterin und des Pr\u00e4sidenten wurden vorgestellt und genehmigt. Die Jahresrechnung wurde ebenfalls genehmigt. Der Beitrag f\u00fcr Passivmitglieder bleibt unver\u00e4ndert. Ein neues Mitglied wurde aufgenommen, w\u00e4hrend mehrere Mitglieder austraten. Daniel Burch und Hannes Lustenberger wurden f\u00fcr zwei Jahre, Samuel Ziegler und Marco Rohrer f\u00fcr ein Jahr wiedergew\u00e4hlt. Martin K\u00fcchler und Niklaus Kretz wurden f\u00fcr ihre langj\u00e4hrige T\u00e4tigkeit geehrt. Die Versammlung endete mit Dankesworten an alle Beteiligten und war ein gelungener Abend<\/p>\n","protected":false},"excerpt":{"rendered":"<p>Die Generalversammlung der Rettungsstation Sarneraatal wurde von Pr\u00e4sident Marco Rohrer er\u00f6ffnet und fand im Giswil bei Edith&#8217;s Alpenr\u00f6sli statt. Das Protokoll der letzten Versammlung wurde genehmigt. Die Jahresberichte des Rettungschefs, der Technischen Leiterin und des Pr\u00e4sidenten wurden vorgestellt und genehmigt. Die Jahresrechnung wurde ebenfalls genehmigt. Der Beitrag f\u00fcr Passivmitglieder bleibt unver\u00e4ndert. Ein neues Mitglied wurde aufgenommen, w\u00e4hrend mehrere Mitglieder austraten. [&hellip;]<\/p>\n","protected":false},"author":1,"featured_media":0,"comment_status":"closed","ping_status":"open","sticky":false,"template":"","format":"standard","meta":{"footnotes":""},"categories":[31],"tags":[],"_links":{"self":[{"href":"https:\/\/sarneraatal.ch\/index.php\/wp-json\/wp\/v2\/posts\/790"}],"collection":[{"href":"https:\/\/sarneraatal.ch\/index.php\/wp-json\/wp\/v2\/posts"}],"about":[{"href":"https:\/\/sarneraatal.ch\/index.php\/wp-json\/wp\/v2\/types\/post"}],"author":[{"embeddable":true,"href":"https:\/\/sarneraatal.ch\/index.php\/wp-json\/wp\/v2\/users\/1"}],"replies":[{"embeddable":true,"href":"https:\/\/sarneraatal.ch\/index.php\/wp-json\/wp\/v2\/comments?post=790"}],"version-history":[{"count":1,"href":"https:\/\/sarneraatal.ch\/index.php\/wp-json\/wp\/v2\/posts\/790\/revisions"}],"predecessor-version":[{"id":791,"href":"https:\/\/sarneraatal.ch\/index.php\/wp-json\/wp\/v2\/posts\/790\/revisions\/791"}],"wp:attachment":[{"href":"https:\/\/sarneraatal.ch\/index.php\/wp-json\/wp\/v2\/media?parent=790"}],"wp:term":[{"taxonomy":"category","embeddable":true,"href":"https:\/\/sarneraatal.ch\/index.php\/wp-json\/wp\/v2\/categories?post=790"},{"taxonomy":"post_tag","embeddable":true,"href":"https:\/\/sarneraatal.ch\/index.php\/wp-json\/wp\/v2\/tags?post=790"}],"curies":[{"name":"wp","href":"https:\/\/api.w.org\/{rel}","templated":true}]}}