{"id":754,"date":"2023-04-18T18:52:06","date_gmt":"2023-04-18T17:52:06","guid":{"rendered":"https:\/\/sarneraatal.ch\/?p=754"},"modified":"2023-04-18T18:56:16","modified_gmt":"2023-04-18T17:56:16","slug":"rettungsberichte-2023","status":"publish","type":"post","link":"https:\/\/sarneraatal.ch\/index.php\/2023\/04\/18\/rettungsberichte-2023\/","title":{"rendered":"Rettungsberichte 2023"},"content":{"rendered":"<p><strong>02. Einsatz mit der Polizei (15.02.2023)<\/strong><\/p>\n<p>Die Rettungsstation Sarneraatal leistete zu Gunsten der Kantonspolizei Obwalden einen Einsatz. Der Einsatz konnte sicher und kompetent ausgef\u00fchrt werden.<\/p>\n<p>Im Einsatz standen die Kantonspolizei Obwalden und 6 Bergretter der Rettungsstation Sarneraatal der Alpinen Rettung Schweiz.<\/p>\n<hr \/>\n<p>&nbsp;<\/p>\n<p><strong>01. Blockierter Schneeschuhl\u00e4ufer (21.01.2023)<\/strong><\/p>\n<p>Ein Schneeschuhl\u00e4ufer begab sich aufgrund der Wetterverschlechterung auf den Abstieg vom Bergrestaurant Berghuis Sch\u00f6nb\u00fcel Richtung Turren, Lungern. Der Abstieg erwies sich schnell als sehr schwierig, dichter Nebel und st\u00fcrmischen Wind mit Schneefall schr\u00e4nkte die Sicht stark ein. Schon bald bemerkte die Person, dass er den markierten Winterwanderweg verloren hatte, setzte aber den Abstieg weiter voran. Nach weiteren Abstiegsmetern realisierte er, dass er sich im dichten Nebel und Schneegest\u00f6ber v\u00f6llig verirrt hatte und sein Handyakku nur noch wenig Energie hatte. Daraufhin bot die Person die Rega auf, f\u00fcr seine Evakuation aus der misslichen Lage.<\/p>\n<p>Aufgrund des Nebels und Windes war es nicht m\u00f6glich einen Helikopter aufzubieten. Darum alarmierte die Helikoptereinsatzzentrale der Rega die Rettungsstation Sarneraatal f\u00fcr die terrestrische Personensuche und Evakuation. Durch den Einsatzleiter wurden Bergretter f\u00fcr den Einsatz aufgeboten. Dank der Unterst\u00fctzung der Luftseilbahn Lungern-Turren Bahn konnten die Bergretter nach Betriebsschluss mit der Bahn auf den Turren gefahren werden. Anschliessend wurde das Material und die Retter auf ein Pistenfahrzeug umgeladen, das Sie auf die Alp Breitenfeld hochgefahren hat. Der weitere Aufstieg erfolgte mit Tourenski und GPS-Ger\u00e4t im dichten Nebel und Schneefall. Die vier Bergretter erreichten die mitgeteilten Koordinaten und fanden die vermisste Person wohlauf und unverletzt vor. Zusammen begaben sich alle Personen gemeinsam auf den R\u00fcckweg bis hinunter ins Tal. Dank der Unterst\u00fctzung der Lungern-Turren Bahn konnte die terrestrische Suche rasch durchgef\u00fchrt und die vermisste Person evakuiert werden.<\/p>\n<p>Im Einsatz standen vier Bergretter der Rettungsstation Sarneraatal der Alpinen Rettung Schweiz und Mitarbeiter der Lungern-Turren Bahn.<\/p>\n","protected":false},"excerpt":{"rendered":"<p>02. Einsatz mit der Polizei (15.02.2023) Die Rettungsstation Sarneraatal leistete zu Gunsten der Kantonspolizei Obwalden einen Einsatz. Der Einsatz konnte sicher und kompetent ausgef\u00fchrt werden. Im Einsatz standen die Kantonspolizei Obwalden und 6 Bergretter der Rettungsstation Sarneraatal der Alpinen Rettung Schweiz. &nbsp; 01. Blockierter Schneeschuhl\u00e4ufer (21.01.2023) Ein Schneeschuhl\u00e4ufer begab sich aufgrund der Wetterverschlechterung auf den Abstieg vom Bergrestaurant Berghuis Sch\u00f6nb\u00fcel [&hellip;]<\/p>\n","protected":false},"author":1,"featured_media":0,"comment_status":"closed","ping_status":"open","sticky":false,"template":"","format":"standard","meta":{"footnotes":""},"categories":[30],"tags":[],"_links":{"self":[{"href":"https:\/\/sarneraatal.ch\/index.php\/wp-json\/wp\/v2\/posts\/754"}],"collection":[{"href":"https:\/\/sarneraatal.ch\/index.php\/wp-json\/wp\/v2\/posts"}],"about":[{"href":"https:\/\/sarneraatal.ch\/index.php\/wp-json\/wp\/v2\/types\/post"}],"author":[{"embeddable":true,"href":"https:\/\/sarneraatal.ch\/index.php\/wp-json\/wp\/v2\/users\/1"}],"replies":[{"embeddable":true,"href":"https:\/\/sarneraatal.ch\/index.php\/wp-json\/wp\/v2\/comments?post=754"}],"version-history":[{"count":4,"href":"https:\/\/sarneraatal.ch\/index.php\/wp-json\/wp\/v2\/posts\/754\/revisions"}],"predecessor-version":[{"id":763,"href":"https:\/\/sarneraatal.ch\/index.php\/wp-json\/wp\/v2\/posts\/754\/revisions\/763"}],"wp:attachment":[{"href":"https:\/\/sarneraatal.ch\/index.php\/wp-json\/wp\/v2\/media?parent=754"}],"wp:term":[{"taxonomy":"category","embeddable":true,"href":"https:\/\/sarneraatal.ch\/index.php\/wp-json\/wp\/v2\/categories?post=754"},{"taxonomy":"post_tag","embeddable":true,"href":"https:\/\/sarneraatal.ch\/index.php\/wp-json\/wp\/v2\/tags?post=754"}],"curies":[{"name":"wp","href":"https:\/\/api.w.org\/{rel}","templated":true}]}}