{"id":729,"date":"2022-05-12T19:07:40","date_gmt":"2022-05-12T18:07:40","guid":{"rendered":"https:\/\/sarneraatal.ch\/?p=729"},"modified":"2022-06-06T19:53:06","modified_gmt":"2022-06-06T18:53:06","slug":"generalversammlung-rettungsstation-sarneraatal-vom-22-04-2022","status":"publish","type":"post","link":"https:\/\/sarneraatal.ch\/index.php\/2022\/05\/12\/generalversammlung-rettungsstation-sarneraatal-vom-22-04-2022\/","title":{"rendered":"Generalversammlung Rettungsstation Sarneraatal vom 22.04.2022"},"content":{"rendered":"<p>W\u00e4hrend zwei Jahren konnte, pandemiebedingt, unsere Generalversammlung nur schriftlich durchgef\u00fchrt werden. 38 Teilnehmer, bestehend aus Aktiv-, Ehren- und Passivmitgliedern, sowie G\u00e4sten, trafen sich am 22. April 2022, zur ordentlichen Generalversammlung im Landgasthof Grossteil in Giswil. Der Betrieb der Rettungsstation wurde im Vereinsjahr 2021 nur bedingt von der Pandemie beeintr\u00e4chtigt. Zahlreiche \u00dcbungen und Eins\u00e4tze konnten unfallfrei und erfolgreich durchgef\u00fchrt werden. Als Meilenstein darf die Einf\u00fchrung des neuen Alarmierungssystems ARMC (Alpine Rescue Mission Control) per App bezeichnet werden. Diese Smartphone-Applikation erm\u00f6glicht der Einsatzleitung sowie den Retterinnen und Rettern einen umfangreichen Informationsfluss im Einsatz. Die fachspezifischen und allgemeinen \u00dcbungen wurden wie immer gut besucht und gew\u00e4hrleisten eine hohe Einsatzbereitschaft unserer Rettungsstation. Auch personell brachte das vergangene Vereinsjahr Ver\u00e4nderungen. Nach sage und schreibe 50, resp. 26 Jahren, treten Toni Spichtig und Peter von Rotz als aktive Retter zur\u00fcck. Wir haben grossen Respekt vor dieser ausserordentlichen Leistung und bedanken uns f\u00fcr dieses Engagement im Dienste der Allgemeinheit!<\/p>\n<p>&nbsp;<\/p>\n<p><img loading=\"lazy\" decoding=\"async\" class=\"alignnone size-medium wp-image-730\" src=\"https:\/\/sarneraatal.ch\/wp-content\/uploads\/2022\/05\/Marco-und-Toni-300x244.png\" alt=\"\" width=\"300\" height=\"244\" srcset=\"https:\/\/sarneraatal.ch\/wp-content\/uploads\/2022\/05\/Marco-und-Toni-300x244.png 300w, https:\/\/sarneraatal.ch\/wp-content\/uploads\/2022\/05\/Marco-und-Toni.png 528w\" sizes=\"(max-width: 300px) 100vw, 300px\" \/><\/p>\n<p>Pr\u00e4sident Marco Rohrer mit Toni Spichtig<\/p>\n<p>&nbsp;<\/p>\n<p>Ebenfalls sind zwei langj\u00e4hrige Einsatzleiter, Franz K\u00e4ch und Riodi Vogler, zur\u00fcckgetreten. Die Stimmberechtigten w\u00e4hlten 4 Kandidaten als Aktive in den Verein und zwei neue Kandidaten werden uns im neuen Vereinsjahr begleiten. Weiter wurde Hannes Lustenberger als Kassier in den Vorstand aufgenommen. Unser Rettungschef, Samuel Ziegler und der Technische Leiter, Niklaus Kretz, haben ein interessantes Jahresprogramm zusammengestellt, welches uns f\u00fcr die anspruchsvollen Arbeiten bei Bergrettungen gut vorbereiten wird.<\/p>\n<p>&nbsp;<\/p>\n<p>Ralph Strahberger \/ Aktuar<\/p>\n","protected":false},"excerpt":{"rendered":"<p>W\u00e4hrend zwei Jahren konnte, pandemiebedingt, unsere Generalversammlung nur schriftlich durchgef\u00fchrt werden. 38 Teilnehmer, bestehend aus Aktiv-, Ehren- und Passivmitgliedern, sowie G\u00e4sten, trafen sich am 22. April 2022, zur ordentlichen Generalversammlung im Landgasthof Grossteil in Giswil. Der Betrieb der Rettungsstation wurde im Vereinsjahr 2021 nur bedingt von der Pandemie beeintr\u00e4chtigt. Zahlreiche \u00dcbungen und Eins\u00e4tze konnten unfallfrei und erfolgreich durchgef\u00fchrt werden. Als [&hellip;]<\/p>\n","protected":false},"author":1,"featured_media":0,"comment_status":"closed","ping_status":"open","sticky":false,"template":"","format":"standard","meta":{"footnotes":""},"categories":[31],"tags":[],"_links":{"self":[{"href":"https:\/\/sarneraatal.ch\/index.php\/wp-json\/wp\/v2\/posts\/729"}],"collection":[{"href":"https:\/\/sarneraatal.ch\/index.php\/wp-json\/wp\/v2\/posts"}],"about":[{"href":"https:\/\/sarneraatal.ch\/index.php\/wp-json\/wp\/v2\/types\/post"}],"author":[{"embeddable":true,"href":"https:\/\/sarneraatal.ch\/index.php\/wp-json\/wp\/v2\/users\/1"}],"replies":[{"embeddable":true,"href":"https:\/\/sarneraatal.ch\/index.php\/wp-json\/wp\/v2\/comments?post=729"}],"version-history":[{"count":2,"href":"https:\/\/sarneraatal.ch\/index.php\/wp-json\/wp\/v2\/posts\/729\/revisions"}],"predecessor-version":[{"id":732,"href":"https:\/\/sarneraatal.ch\/index.php\/wp-json\/wp\/v2\/posts\/729\/revisions\/732"}],"wp:attachment":[{"href":"https:\/\/sarneraatal.ch\/index.php\/wp-json\/wp\/v2\/media?parent=729"}],"wp:term":[{"taxonomy":"category","embeddable":true,"href":"https:\/\/sarneraatal.ch\/index.php\/wp-json\/wp\/v2\/categories?post=729"},{"taxonomy":"post_tag","embeddable":true,"href":"https:\/\/sarneraatal.ch\/index.php\/wp-json\/wp\/v2\/tags?post=729"}],"curies":[{"name":"wp","href":"https:\/\/api.w.org\/{rel}","templated":true}]}}