{"id":691,"date":"2021-04-19T09:33:27","date_gmt":"2021-04-19T08:33:27","guid":{"rendered":"https:\/\/sarneraatal.ch\/?p=691"},"modified":"2021-04-19T09:33:49","modified_gmt":"2021-04-19T08:33:49","slug":"neue-fachspezialistin","status":"publish","type":"post","link":"https:\/\/sarneraatal.ch\/index.php\/2021\/04\/19\/neue-fachspezialistin\/","title":{"rendered":"Neue Fachspezialistin Medizin"},"content":{"rendered":"<p>Madlen Niederberger hat die Ausbildung zum Fachspezialist Medizin erfolgreich abgeschlossen. Herzliche Gratulation. Sie ist in der Zwischenzeit auch mit einem Pager ausger\u00fcstet und wird f\u00fcr medizinische Eins\u00e4tze in der ARZ aufgeboten.<\/p>\n","protected":false},"excerpt":{"rendered":"<p>Madlen Niederberger hat die Ausbildung zum Fachspezialist Medizin erfolgreich abgeschlossen. Herzliche Gratulation. Sie ist in der Zwischenzeit auch mit einem Pager ausger\u00fcstet und wird f\u00fcr medizinische Eins\u00e4tze in der ARZ aufgeboten.<\/p>\n","protected":false},"author":1,"featured_media":0,"comment_status":"closed","ping_status":"open","sticky":false,"template":"","format":"standard","meta":{"footnotes":""},"categories":[31],"tags":[],"_links":{"self":[{"href":"https:\/\/sarneraatal.ch\/index.php\/wp-json\/wp\/v2\/posts\/691"}],"collection":[{"href":"https:\/\/sarneraatal.ch\/index.php\/wp-json\/wp\/v2\/posts"}],"about":[{"href":"https:\/\/sarneraatal.ch\/index.php\/wp-json\/wp\/v2\/types\/post"}],"author":[{"embeddable":true,"href":"https:\/\/sarneraatal.ch\/index.php\/wp-json\/wp\/v2\/users\/1"}],"replies":[{"embeddable":true,"href":"https:\/\/sarneraatal.ch\/index.php\/wp-json\/wp\/v2\/comments?post=691"}],"version-history":[{"count":2,"href":"https:\/\/sarneraatal.ch\/index.php\/wp-json\/wp\/v2\/posts\/691\/revisions"}],"predecessor-version":[{"id":693,"href":"https:\/\/sarneraatal.ch\/index.php\/wp-json\/wp\/v2\/posts\/691\/revisions\/693"}],"wp:attachment":[{"href":"https:\/\/sarneraatal.ch\/index.php\/wp-json\/wp\/v2\/media?parent=691"}],"wp:term":[{"taxonomy":"category","embeddable":true,"href":"https:\/\/sarneraatal.ch\/index.php\/wp-json\/wp\/v2\/categories?post=691"},{"taxonomy":"post_tag","embeddable":true,"href":"https:\/\/sarneraatal.ch\/index.php\/wp-json\/wp\/v2\/tags?post=691"}],"curies":[{"name":"wp","href":"https:\/\/api.w.org\/{rel}","templated":true}]}}