{"id":644,"date":"2020-10-26T08:58:59","date_gmt":"2020-10-26T07:58:59","guid":{"rendered":"https:\/\/sarneraatal.ch\/?p=644"},"modified":"2020-10-26T08:58:59","modified_gmt":"2020-10-26T07:58:59","slug":"bahnrettungsuebung-frutt-23-10-2020","status":"publish","type":"post","link":"https:\/\/sarneraatal.ch\/index.php\/2020\/10\/26\/bahnrettungsuebung-frutt-23-10-2020\/","title":{"rendered":"Bahnrettungs\u00fcbung Frutt 23.10.2020"},"content":{"rendered":"<p>An der Bahnrettungs\u00fcbung vom 23.10.2020 h\u00e4tten \u00fcber 100 Personen teilgenommen. Aufgrund der angespannten Corona-Lage mit einer grossen Zunahme der Fallzahlen in den Tagen davor, musste Berge\u00fcbung abgesagt werden.<\/p>\n<p>Die Sportbahnen und die Rettungsstation machen separate Rettungs\u00fcbungen. In den n\u00e4chsten Tagen beobachten wir gespannt die weitere Entwicklung der Ausbreitung der Corona-Infektionen und die zu erwartenden Auflagen von Bund und Kanton.<\/p>\n<p>Wir informieren die Mitglieder der Bahnrettungsgruppe Melchsee-Frutt zu gegebener Zeit \u00fcber das weitere Vorgehen.<\/p>\n","protected":false},"excerpt":{"rendered":"<p>An der Bahnrettungs\u00fcbung vom 23.10.2020 h\u00e4tten \u00fcber 100 Personen teilgenommen. Aufgrund der angespannten Corona-Lage mit einer grossen Zunahme der Fallzahlen in den Tagen davor, musste Berge\u00fcbung abgesagt werden. Die Sportbahnen und die Rettungsstation machen separate Rettungs\u00fcbungen. In den n\u00e4chsten Tagen beobachten wir gespannt die weitere Entwicklung der Ausbreitung der Corona-Infektionen und die zu erwartenden Auflagen von Bund und Kanton. Wir [&hellip;]<\/p>\n","protected":false},"author":1,"featured_media":0,"comment_status":"closed","ping_status":"open","sticky":false,"template":"","format":"standard","meta":{"footnotes":""},"categories":[31],"tags":[],"_links":{"self":[{"href":"https:\/\/sarneraatal.ch\/index.php\/wp-json\/wp\/v2\/posts\/644"}],"collection":[{"href":"https:\/\/sarneraatal.ch\/index.php\/wp-json\/wp\/v2\/posts"}],"about":[{"href":"https:\/\/sarneraatal.ch\/index.php\/wp-json\/wp\/v2\/types\/post"}],"author":[{"embeddable":true,"href":"https:\/\/sarneraatal.ch\/index.php\/wp-json\/wp\/v2\/users\/1"}],"replies":[{"embeddable":true,"href":"https:\/\/sarneraatal.ch\/index.php\/wp-json\/wp\/v2\/comments?post=644"}],"version-history":[{"count":1,"href":"https:\/\/sarneraatal.ch\/index.php\/wp-json\/wp\/v2\/posts\/644\/revisions"}],"predecessor-version":[{"id":645,"href":"https:\/\/sarneraatal.ch\/index.php\/wp-json\/wp\/v2\/posts\/644\/revisions\/645"}],"wp:attachment":[{"href":"https:\/\/sarneraatal.ch\/index.php\/wp-json\/wp\/v2\/media?parent=644"}],"wp:term":[{"taxonomy":"category","embeddable":true,"href":"https:\/\/sarneraatal.ch\/index.php\/wp-json\/wp\/v2\/categories?post=644"},{"taxonomy":"post_tag","embeddable":true,"href":"https:\/\/sarneraatal.ch\/index.php\/wp-json\/wp\/v2\/tags?post=644"}],"curies":[{"name":"wp","href":"https:\/\/api.w.org\/{rel}","templated":true}]}}