{"id":589,"date":"2020-07-29T15:50:18","date_gmt":"2020-07-29T14:50:18","guid":{"rendered":"https:\/\/sarneraatal.ch\/?p=589"},"modified":"2020-08-03T14:18:59","modified_gmt":"2020-08-03T13:18:59","slug":"pegelmesser-chli-schliere-laeuft-wieder","status":"publish","type":"post","link":"https:\/\/sarneraatal.ch\/index.php\/2020\/07\/29\/pegelmesser-chli-schliere-laeuft-wieder\/","title":{"rendered":"Update Pegelmesser Chli Schliere"},"content":{"rendered":"<p><strong>03. August 2020:<\/strong><br \/>\nIm Moment l\u00e4uft die Pegelanzeige der Chli Schliere wieder.<br \/>\nAktuelle Messwerte findest du unter diesem Link: <a href=\"https:\/\/www.hydrodaten.admin.ch\/de\/2436.html\" target=\"_blank\" rel=\"noopener noreferrer\">Chli Schliere<\/a><\/p>\n<p>&nbsp;<\/p>\n<p><strong>29. Juli 2020:<\/strong><br \/>\nKaum habe ich den Artikel geschrieben. Hat die Messstation an der Chli Schliere bereits wieder Probleme mit Daten\u00fcbertragung und es stehen keine aktuellen Pegelst\u00e4nde zur Verf\u00fcgung.<\/p>\n<p>&nbsp;<\/p>\n<p><strong>27. Juli 2020:<\/strong><\/p>\n<p>Zur Info: Nach l\u00e4ngerem Unterbruch funktioniert die Messtation der Chli Schliere wieder.<\/p>\n<p>Aktuelle Messwerte findest du unter diesem Link: <a href=\"https:\/\/www.hydrodaten.admin.ch\/de\/2436.html\" target=\"_blank\" rel=\"noopener noreferrer\">Chli Schliere<\/a><\/p>\n<p>&nbsp;<\/p>\n","protected":false},"excerpt":{"rendered":"<p>03. August 2020: Im Moment l\u00e4uft die Pegelanzeige der Chli Schliere wieder. Aktuelle Messwerte findest du unter diesem Link: Chli Schliere &nbsp; 29. Juli 2020: Kaum habe ich den Artikel geschrieben. Hat die Messstation an der Chli Schliere bereits wieder Probleme mit Daten\u00fcbertragung und es stehen keine aktuellen Pegelst\u00e4nde zur Verf\u00fcgung. &nbsp; 27. Juli 2020: Zur Info: Nach l\u00e4ngerem Unterbruch [&hellip;]<\/p>\n","protected":false},"author":1,"featured_media":0,"comment_status":"closed","ping_status":"open","sticky":false,"template":"","format":"standard","meta":{"footnotes":""},"categories":[31],"tags":[],"_links":{"self":[{"href":"https:\/\/sarneraatal.ch\/index.php\/wp-json\/wp\/v2\/posts\/589"}],"collection":[{"href":"https:\/\/sarneraatal.ch\/index.php\/wp-json\/wp\/v2\/posts"}],"about":[{"href":"https:\/\/sarneraatal.ch\/index.php\/wp-json\/wp\/v2\/types\/post"}],"author":[{"embeddable":true,"href":"https:\/\/sarneraatal.ch\/index.php\/wp-json\/wp\/v2\/users\/1"}],"replies":[{"embeddable":true,"href":"https:\/\/sarneraatal.ch\/index.php\/wp-json\/wp\/v2\/comments?post=589"}],"version-history":[{"count":4,"href":"https:\/\/sarneraatal.ch\/index.php\/wp-json\/wp\/v2\/posts\/589\/revisions"}],"predecessor-version":[{"id":594,"href":"https:\/\/sarneraatal.ch\/index.php\/wp-json\/wp\/v2\/posts\/589\/revisions\/594"}],"wp:attachment":[{"href":"https:\/\/sarneraatal.ch\/index.php\/wp-json\/wp\/v2\/media?parent=589"}],"wp:term":[{"taxonomy":"category","embeddable":true,"href":"https:\/\/sarneraatal.ch\/index.php\/wp-json\/wp\/v2\/categories?post=589"},{"taxonomy":"post_tag","embeddable":true,"href":"https:\/\/sarneraatal.ch\/index.php\/wp-json\/wp\/v2\/tags?post=589"}],"curies":[{"name":"wp","href":"https:\/\/api.w.org\/{rel}","templated":true}]}}