{"id":552,"date":"2020-07-03T06:30:55","date_gmt":"2020-07-03T05:30:55","guid":{"rendered":"https:\/\/sarneraatal.ch\/?p=552"},"modified":"2020-07-03T06:30:55","modified_gmt":"2020-07-03T05:30:55","slug":"zwei-rsh-einsaetze-in-folge","status":"publish","type":"post","link":"https:\/\/sarneraatal.ch\/index.php\/2020\/07\/03\/zwei-rsh-einsaetze-in-folge\/","title":{"rendered":"Zwei RSH Eins\u00e4tze in Folge"},"content":{"rendered":"<p>In unserem Einsatzgebiet folgten zwei RSH Eins\u00e4tze in Folge. Am 1. Juni 2020 ereignete sich an der Schafnase ein t\u00f6dlicher Kletterunfall.\u00a0 An der Cheselenflueh st\u00fcrzte am 24. Juni 2020 ebenfalls mit Todesfolge ab. Bei beiden tragischen Unf\u00e4llen war je ein RSH (Rettungsspezialist Helikopter) der Alpinen Rettung Schweiz im Einsatz.<\/p>\n","protected":false},"excerpt":{"rendered":"<p>In unserem Einsatzgebiet folgten zwei RSH Eins\u00e4tze in Folge. Am 1. Juni 2020 ereignete sich an der Schafnase ein t\u00f6dlicher Kletterunfall.\u00a0 An der Cheselenflueh st\u00fcrzte am 24. Juni 2020 ebenfalls mit Todesfolge ab. Bei beiden tragischen Unf\u00e4llen war je ein RSH (Rettungsspezialist Helikopter) der Alpinen Rettung Schweiz im Einsatz.<\/p>\n","protected":false},"author":1,"featured_media":0,"comment_status":"closed","ping_status":"open","sticky":false,"template":"","format":"standard","meta":{"footnotes":""},"categories":[31],"tags":[],"_links":{"self":[{"href":"https:\/\/sarneraatal.ch\/index.php\/wp-json\/wp\/v2\/posts\/552"}],"collection":[{"href":"https:\/\/sarneraatal.ch\/index.php\/wp-json\/wp\/v2\/posts"}],"about":[{"href":"https:\/\/sarneraatal.ch\/index.php\/wp-json\/wp\/v2\/types\/post"}],"author":[{"embeddable":true,"href":"https:\/\/sarneraatal.ch\/index.php\/wp-json\/wp\/v2\/users\/1"}],"replies":[{"embeddable":true,"href":"https:\/\/sarneraatal.ch\/index.php\/wp-json\/wp\/v2\/comments?post=552"}],"version-history":[{"count":1,"href":"https:\/\/sarneraatal.ch\/index.php\/wp-json\/wp\/v2\/posts\/552\/revisions"}],"predecessor-version":[{"id":553,"href":"https:\/\/sarneraatal.ch\/index.php\/wp-json\/wp\/v2\/posts\/552\/revisions\/553"}],"wp:attachment":[{"href":"https:\/\/sarneraatal.ch\/index.php\/wp-json\/wp\/v2\/media?parent=552"}],"wp:term":[{"taxonomy":"category","embeddable":true,"href":"https:\/\/sarneraatal.ch\/index.php\/wp-json\/wp\/v2\/categories?post=552"},{"taxonomy":"post_tag","embeddable":true,"href":"https:\/\/sarneraatal.ch\/index.php\/wp-json\/wp\/v2\/tags?post=552"}],"curies":[{"name":"wp","href":"https:\/\/api.w.org\/{rel}","templated":true}]}}