{"id":546,"date":"2020-05-13T19:08:55","date_gmt":"2020-05-13T18:08:55","guid":{"rendered":"https:\/\/sarneraatal.ch\/?p=546"},"modified":"2020-05-13T19:08:55","modified_gmt":"2020-05-13T18:08:55","slug":"corona-info-2","status":"publish","type":"post","link":"https:\/\/sarneraatal.ch\/index.php\/2020\/05\/13\/corona-info-2\/","title":{"rendered":"Corona Info 2"},"content":{"rendered":"<p>Die ersten Lockerungsschritte werden nun nach un nach eingeleitet. Abgestu\u0308tzt auf die Medienkonferenz und den Lockerungsfahrplan des Bundesrats vom 29. April 2020 hat die Alpine Rettung Schweiz beschlossen, alle Ausbildungskurse und Veranstaltungen bis zum 30. Juni 2020 zu sistieren.<\/p>\n<p>Die ARS Gesch\u00e4ftsleitung empfiehlt den Regionalvereinen und Rettungsstationen alle nicht zwingend notwendigen Anl\u00e4sse und Aktivit\u00e4ten ebenfalls bis zum 30. Juni 2020 zu sistieren oder auf einen sp\u00e4teren Zeitpunkt zu verschieben.<\/p>\n<p>Die Rettungsstation Sarneraatal kommt dieser Aufforderung nach, da wir keine zwingend notwendige Veranstaltungen haben. Gleich darauf folgen die Sommerferien. Der technische Leiter und der Rettungschef werden das Ausbildungsprogramm \u00fcberarbeiten sobald neue Empfehlungen der ARS dies zulassen.<\/p>\n<p>S\u00e4mtliche Eins\u00e4tze werden wir mit den entsprechenden Corona-Schutzma\u00dfnahmen machen. Alle Einsatzleiter sind \u00fcber die Medizinischen Schutzma\u00dfnahmen bei Eins\u00e4tzen informiert. Passendes Material ist in der Rettungsstation griffbereit und wird laufend erg\u00e4nzt.<\/p>\n<p>Wir werden unsere Mitglieder per Mail informieren, sobald wir gen\u00fcgend Planungssicherheit f\u00fcr die kommenden Anl\u00e4sse verf\u00fcgen.<\/p>\n<p>&nbsp;<\/p>\n","protected":false},"excerpt":{"rendered":"<p>Die ersten Lockerungsschritte werden nun nach un nach eingeleitet. Abgestu\u0308tzt auf die Medienkonferenz und den Lockerungsfahrplan des Bundesrats vom 29. April 2020 hat die Alpine Rettung Schweiz beschlossen, alle Ausbildungskurse und Veranstaltungen bis zum 30. Juni 2020 zu sistieren. Die ARS Gesch\u00e4ftsleitung empfiehlt den Regionalvereinen und Rettungsstationen alle nicht zwingend notwendigen Anl\u00e4sse und Aktivit\u00e4ten ebenfalls bis zum 30. Juni 2020 [&hellip;]<\/p>\n","protected":false},"author":1,"featured_media":0,"comment_status":"closed","ping_status":"open","sticky":false,"template":"","format":"standard","meta":{"footnotes":""},"categories":[31],"tags":[],"_links":{"self":[{"href":"https:\/\/sarneraatal.ch\/index.php\/wp-json\/wp\/v2\/posts\/546"}],"collection":[{"href":"https:\/\/sarneraatal.ch\/index.php\/wp-json\/wp\/v2\/posts"}],"about":[{"href":"https:\/\/sarneraatal.ch\/index.php\/wp-json\/wp\/v2\/types\/post"}],"author":[{"embeddable":true,"href":"https:\/\/sarneraatal.ch\/index.php\/wp-json\/wp\/v2\/users\/1"}],"replies":[{"embeddable":true,"href":"https:\/\/sarneraatal.ch\/index.php\/wp-json\/wp\/v2\/comments?post=546"}],"version-history":[{"count":1,"href":"https:\/\/sarneraatal.ch\/index.php\/wp-json\/wp\/v2\/posts\/546\/revisions"}],"predecessor-version":[{"id":547,"href":"https:\/\/sarneraatal.ch\/index.php\/wp-json\/wp\/v2\/posts\/546\/revisions\/547"}],"wp:attachment":[{"href":"https:\/\/sarneraatal.ch\/index.php\/wp-json\/wp\/v2\/media?parent=546"}],"wp:term":[{"taxonomy":"category","embeddable":true,"href":"https:\/\/sarneraatal.ch\/index.php\/wp-json\/wp\/v2\/categories?post=546"},{"taxonomy":"post_tag","embeddable":true,"href":"https:\/\/sarneraatal.ch\/index.php\/wp-json\/wp\/v2\/tags?post=546"}],"curies":[{"name":"wp","href":"https:\/\/api.w.org\/{rel}","templated":true}]}}