{"id":539,"date":"2020-04-20T13:07:39","date_gmt":"2020-04-20T12:07:39","guid":{"rendered":"https:\/\/sarneraatal.ch\/?p=539"},"modified":"2020-04-20T13:10:22","modified_gmt":"2020-04-20T12:10:22","slug":"neue-gebirgstrage","status":"publish","type":"post","link":"https:\/\/sarneraatal.ch\/index.php\/2020\/04\/20\/neue-gebirgstrage\/","title":{"rendered":"Neue Gebirgstrage"},"content":{"rendered":"<p>Unsere Kong-Gebirgstrage ist in die Jahre gekommen und bei den letzten Eins\u00e4tzen stark gelitten. Ein Ersatz hatte sich aufgedr\u00e4ngt, damit wir unsere Einsatzbereitschaft sicher stellen k\u00f6nnen.<br \/>\nWir haben alle aktuell im Markt verf\u00fcgbaren Tragen auf unsere prim\u00e4ren Bed\u00fcrfnisse unseres Einsatzspektrums gepr\u00fcft. Ein Gremium bestehend aus Mitgliedern des Vorstandes und l\u00e4ngj\u00e4hrigen Einsatzleitern hat sich f\u00fcr die Trage Tyral von Tyromont entschieden.<\/p>\n<p><img loading=\"lazy\" decoding=\"async\" class=\"alignnone wp-image-541\" src=\"https:\/\/sarneraatal.ch\/wp-content\/uploads\/2020\/04\/TyralTrage-300x133.png\" alt=\"\" width=\"629\" height=\"279\" srcset=\"https:\/\/sarneraatal.ch\/wp-content\/uploads\/2020\/04\/TyralTrage-300x133.png 300w, https:\/\/sarneraatal.ch\/wp-content\/uploads\/2020\/04\/TyralTrage-1024x454.png 1024w, https:\/\/sarneraatal.ch\/wp-content\/uploads\/2020\/04\/TyralTrage-768x341.png 768w, https:\/\/sarneraatal.ch\/wp-content\/uploads\/2020\/04\/TyralTrage.png 1487w\" sizes=\"(max-width: 629px) 100vw, 629px\" \/><\/p>\n<p>Diese Trage hat folgende Eigenschaften:<\/p>\n<ul>\n<li>Besteht nur aus drei Teilen<\/li>\n<li>Luftloses Rad (3 kg)<\/li>\n<li>Griffe einzeln in 12 Stufen verstellbar<\/li>\n<li>Einfaches Handling<\/li>\n<li>Kuven f\u00fcr Schleifen im schwierigen Gel\u00e4nde<\/li>\n<li>15 kg Gesamtgewicht (kann in zwei Teilen Transportiert werden)<\/li>\n<li>Fixe Anschlagpunkte<\/li>\n<li>Passt zum bereits vorhandenen Bergesack und Vakuummatratze<\/li>\n<\/ul>\n<p>&nbsp;<\/p>\n","protected":false},"excerpt":{"rendered":"<p>Unsere Kong-Gebirgstrage ist in die Jahre gekommen und bei den letzten Eins\u00e4tzen stark gelitten. Ein Ersatz hatte sich aufgedr\u00e4ngt, damit wir unsere Einsatzbereitschaft sicher stellen k\u00f6nnen. Wir haben alle aktuell im Markt verf\u00fcgbaren Tragen auf unsere prim\u00e4ren Bed\u00fcrfnisse unseres Einsatzspektrums gepr\u00fcft. Ein Gremium bestehend aus Mitgliedern des Vorstandes und l\u00e4ngj\u00e4hrigen Einsatzleitern hat sich f\u00fcr die Trage Tyral von Tyromont entschieden. [&hellip;]<\/p>\n","protected":false},"author":1,"featured_media":0,"comment_status":"closed","ping_status":"open","sticky":false,"template":"","format":"standard","meta":{"footnotes":""},"categories":[31],"tags":[],"_links":{"self":[{"href":"https:\/\/sarneraatal.ch\/index.php\/wp-json\/wp\/v2\/posts\/539"}],"collection":[{"href":"https:\/\/sarneraatal.ch\/index.php\/wp-json\/wp\/v2\/posts"}],"about":[{"href":"https:\/\/sarneraatal.ch\/index.php\/wp-json\/wp\/v2\/types\/post"}],"author":[{"embeddable":true,"href":"https:\/\/sarneraatal.ch\/index.php\/wp-json\/wp\/v2\/users\/1"}],"replies":[{"embeddable":true,"href":"https:\/\/sarneraatal.ch\/index.php\/wp-json\/wp\/v2\/comments?post=539"}],"version-history":[{"count":3,"href":"https:\/\/sarneraatal.ch\/index.php\/wp-json\/wp\/v2\/posts\/539\/revisions"}],"predecessor-version":[{"id":544,"href":"https:\/\/sarneraatal.ch\/index.php\/wp-json\/wp\/v2\/posts\/539\/revisions\/544"}],"wp:attachment":[{"href":"https:\/\/sarneraatal.ch\/index.php\/wp-json\/wp\/v2\/media?parent=539"}],"wp:term":[{"taxonomy":"category","embeddable":true,"href":"https:\/\/sarneraatal.ch\/index.php\/wp-json\/wp\/v2\/categories?post=539"},{"taxonomy":"post_tag","embeddable":true,"href":"https:\/\/sarneraatal.ch\/index.php\/wp-json\/wp\/v2\/tags?post=539"}],"curies":[{"name":"wp","href":"https:\/\/api.w.org\/{rel}","templated":true}]}}