{"id":531,"date":"2020-04-08T19:49:41","date_gmt":"2020-04-08T18:49:41","guid":{"rendered":"https:\/\/sarneraatal.ch\/?p=531"},"modified":"2020-04-08T20:02:16","modified_gmt":"2020-04-08T19:02:16","slug":"abstimmungsresultate-gv2020","status":"publish","type":"post","link":"https:\/\/sarneraatal.ch\/index.php\/2020\/04\/08\/abstimmungsresultate-gv2020\/","title":{"rendered":"Abstimmungsresultate GV2020"},"content":{"rendered":"<p>Die angek\u00fcndigte 38. Generalversammlung vom 03. April 2020 im Restaurant Alouette in Alpnach musste infolge des Coronavirus aus Sicherheitsgr\u00fcnden abgesagt werden. Da zu diesem Zeitpunkt niemand voraussagen konnte, wie lange die aussergew\u00f6hnliche Lage andauern w\u00fcrde, entschied sich der Vorstand, f\u00fcr eine schriftliche Abstimmung der Generalversammlung 2020. S\u00e4mtliche GV \u2013 Unterlagen wurden den stimmberechtigten Aktivmitgliedern f\u00fcr das Studium zugesendet. Anschliessend konnten die Stimmberechtigen \u00fcber die GV-Antr\u00e4ge schriftlich vom 21. M\u00e4rz \u2013 03. April 2020 abstimmen.<\/p>\n<p>Die Stimmbeteiligung: 79%<\/p>\n<p><strong>Abstimmungsresultate Genehmigung Protokolle:<\/strong><\/p>\n<blockquote><p>S\u00e4mtliche Protokolle wurden ohne Gegenstimmen angenommen.<\/p><\/blockquote>\n<p>&nbsp;<\/p>\n<p><strong>Abstimmungsresultat Rechnung:<\/strong><\/p>\n<blockquote><p>Die Rechnung sowie der Passivmitgliederbeitrag von Fr. 15.- wurde ohne Gegenstimmen angenommen.<\/p><\/blockquote>\n<p>&nbsp;<\/p>\n<p><strong>Mutationen:<\/strong><\/p>\n<blockquote><p>Petra Fl\u00fcck und Peter Burach wurden ohne Gegenstimmen als Aktivmitglieder aufgenommen.<\/p><\/blockquote>\n<blockquote><p>Fabian van der Meer und Marco Kiser sind Aspiranten.<\/p><\/blockquote>\n<blockquote><p>Beat Gasser, Roland Michel, Fredi Durrer, Martin Berchtold, Sonja de Mul und Werner Vogler haben die Aktivmitgliedschaft aufgegeben. Remo Berchtold ist in die Passivmitgliedschaft \u00fcber gegangen.<br \/>\nHerzlichen Dank f\u00fcr Eure Dienste.<\/p>\n<p>Leider mussten wir auch vom Gr\u00fcndungsmitglied Hans Ettlin (Weid Hans) und dem langj\u00e4hrigen Aktiv- und Passivmitglied Josef Huwyler Abschied nehmen.<\/p><\/blockquote>\n<p>&nbsp;<\/p>\n<p><strong>Wahlen:<\/strong><\/p>\n<blockquote><p>Alle Wahlvorschl\u00e4ge wurden ohne Gegenstimmen angenommen:<\/p>\n<table style=\"border-collapse: collapse; width: 101.505%; height: 115px;\">\n<tbody>\n<tr style=\"height: 23px;\">\n<td style=\"width: 29.217%; height: 23px;\">Niklaus Kretz<\/td>\n<td style=\"width: 25.6721%; height: 23px;\">Tech. Leiter<\/td>\n<td style=\"width: 46.6158%; height: 23px;\">Best\u00e4tigunswahl (alle 2 Jahre)<\/td>\n<\/tr>\n<tr style=\"height: 23px;\">\n<td style=\"width: 29.217%; height: 23px;\">Daniel Burch<\/td>\n<td style=\"width: 25.6721%; height: 23px;\">Mat. Chef<\/td>\n<td style=\"width: 46.6158%; height: 23px;\">Best\u00e4tigunswahl (alle 2 Jahre)<\/td>\n<\/tr>\n<tr style=\"height: 23px;\">\n<td style=\"width: 29.217%; height: 23px;\">Sepp Zumstein<\/td>\n<td style=\"width: 25.6721%; height: 23px;\">Mediziner<\/td>\n<td style=\"width: 46.6158%; height: 23px;\">Best\u00e4tigunswahl (alle 2 Jahre)<\/td>\n<\/tr>\n<tr style=\"height: 23px;\">\n<td style=\"width: 29.217%; height: 23px;\">Martin K\u00fcchler<\/td>\n<td style=\"width: 25.6721%; height: 23px;\">Rettungschef<\/td>\n<td style=\"width: 46.6158%; height: 23px;\">J\u00e4hrliche Best\u00e4tigungswahl<\/td>\n<\/tr>\n<tr style=\"height: 23px;\">\n<td style=\"width: 29.217%; height: 23px;\">Ralph Strahberger<\/td>\n<td style=\"width: 25.6721%; height: 23px;\">Aktuar<\/td>\n<td style=\"width: 46.6158%; height: 23px;\">Neuwahl<\/td>\n<\/tr>\n<tr>\n<td style=\"width: 29.217%;\">Samuel Ziegler<\/td>\n<td style=\"width: 25.6721%;\">Kassier<\/td>\n<td style=\"width: 46.6158%;\">Neuwahl<\/td>\n<\/tr>\n<tr>\n<td style=\"width: 29.217%;\">Martin Gasser<\/td>\n<td style=\"width: 25.6721%;\">Revisor<\/td>\n<td style=\"width: 46.6158%;\">Neuwahl<\/td>\n<\/tr>\n<tr>\n<td style=\"width: 29.217%;\">Marco Rohrer<\/td>\n<td style=\"width: 25.6721%;\">Pr\u00e4sident<\/td>\n<td style=\"width: 46.6158%;\">Neuwahl Pr\u00e4sident<\/td>\n<\/tr>\n<tr>\n<td style=\"width: 29.217%;\">Manuel von Fl\u00fce<\/td>\n<td style=\"width: 25.6721%;\"><\/td>\n<td style=\"width: 46.6158%;\">Ehrenmitglied<\/td>\n<\/tr>\n<tr>\n<td style=\"width: 29.217%;\">Beat Gasser<\/td>\n<td style=\"width: 25.6721%;\"><\/td>\n<td style=\"width: 46.6158%;\">Ehrenmitglied<\/td>\n<\/tr>\n<\/tbody>\n<\/table>\n<p>Herzliche Gratulation allen Gew\u00e4hlten.<\/p><\/blockquote>\n<p>&nbsp;<\/p>\n<p><strong>Antr\u00e4ge:<\/strong><\/p>\n<blockquote><p>Es sind keine Antr\u00e4ge eingegangen.<\/p><\/blockquote>\n<p>&nbsp;<\/p>\n<p><strong>Verschiedenes:<\/strong><\/p>\n<blockquote><p>Sobald sich die aktuelle, besondere Situation gelegt hat, laden wir alle Retter zu einem gem\u00fctlichen Beisammensein ein. So k\u00f6nnen wir den kameradschaftlichen Teil der Generalversammlung nachholen und auf das neue Vereinsjahr anstossen.<\/p><\/blockquote>\n","protected":false},"excerpt":{"rendered":"<p>Die angek\u00fcndigte 38. Generalversammlung vom 03. April 2020 im Restaurant Alouette in Alpnach musste infolge des Coronavirus aus Sicherheitsgr\u00fcnden abgesagt werden. Da zu diesem Zeitpunkt niemand voraussagen konnte, wie lange die aussergew\u00f6hnliche Lage andauern w\u00fcrde, entschied sich der Vorstand, f\u00fcr eine schriftliche Abstimmung der Generalversammlung 2020. S\u00e4mtliche GV \u2013 Unterlagen wurden den stimmberechtigten Aktivmitgliedern f\u00fcr das Studium zugesendet. Anschliessend konnten [&hellip;]<\/p>\n","protected":false},"author":1,"featured_media":0,"comment_status":"closed","ping_status":"open","sticky":false,"template":"","format":"standard","meta":{"footnotes":""},"categories":[31],"tags":[],"_links":{"self":[{"href":"https:\/\/sarneraatal.ch\/index.php\/wp-json\/wp\/v2\/posts\/531"}],"collection":[{"href":"https:\/\/sarneraatal.ch\/index.php\/wp-json\/wp\/v2\/posts"}],"about":[{"href":"https:\/\/sarneraatal.ch\/index.php\/wp-json\/wp\/v2\/types\/post"}],"author":[{"embeddable":true,"href":"https:\/\/sarneraatal.ch\/index.php\/wp-json\/wp\/v2\/users\/1"}],"replies":[{"embeddable":true,"href":"https:\/\/sarneraatal.ch\/index.php\/wp-json\/wp\/v2\/comments?post=531"}],"version-history":[{"count":3,"href":"https:\/\/sarneraatal.ch\/index.php\/wp-json\/wp\/v2\/posts\/531\/revisions"}],"predecessor-version":[{"id":534,"href":"https:\/\/sarneraatal.ch\/index.php\/wp-json\/wp\/v2\/posts\/531\/revisions\/534"}],"wp:attachment":[{"href":"https:\/\/sarneraatal.ch\/index.php\/wp-json\/wp\/v2\/media?parent=531"}],"wp:term":[{"taxonomy":"category","embeddable":true,"href":"https:\/\/sarneraatal.ch\/index.php\/wp-json\/wp\/v2\/categories?post=531"},{"taxonomy":"post_tag","embeddable":true,"href":"https:\/\/sarneraatal.ch\/index.php\/wp-json\/wp\/v2\/tags?post=531"}],"curies":[{"name":"wp","href":"https:\/\/api.w.org\/{rel}","templated":true}]}}