{"id":429,"date":"2020-03-21T21:20:08","date_gmt":"2020-03-21T20:20:08","guid":{"rendered":"https:\/\/sarneraatal.ch\/?p=429"},"modified":"2020-03-21T21:20:08","modified_gmt":"2020-03-21T20:20:08","slug":"corona-in-der-bergrettung","status":"publish","type":"post","link":"https:\/\/sarneraatal.ch\/index.php\/2020\/03\/21\/corona-in-der-bergrettung\/","title":{"rendered":"Corona in der Bergrettung"},"content":{"rendered":"<p>Leider geht die aktuelle Pandemie des Corona-Virus auch bei der Bergrettung nicht spurlos vorbei. Alle Rettungschefs der Alpinen Rettung Schweiz haben Anordnungen bekommen, wie wir uns im Falle von Eins\u00e4tzen verhalten m\u00fcssen.<\/p>\n<p>Die Lage der notfallmedizinischen Grundversorgung spitzt sich in verschiedenen Regionen mit unterschiedlicher Geschwindigkeit zu. Aktuell hat der Bundesrat den Notstand ausgerufen und die F\u00fchrung der Notfallorganisation liegt beim Bund. Gemeinden und Kantone mit ihren Blaulichtorganisation und subsidi\u00e4r unterst\u00fctzt durch die Armee sind ausf\u00fchrende Organe und k\u00f6nnen durch weitere Rettungsdienste und den Bev\u00f6lkerungsschutz unterst\u00fctzt werden.<\/p>\n<p>Die Beh\u00f6rden k\u00f6nnen in dieser Lage auch auf Ressourcen der Alpinen Rettung Schweiz zur\u00fcckgreifen, tragen damit aber auch die Verantwortung f\u00fcr die Verh\u00e4ltnism\u00e4ssigkeit der Eins\u00e4tze. Die Einsatzaktivit\u00e4ten m\u00fcssen deshalb der Ausbildung und der Ausr\u00fcstung der beigezogenen Hilfskr\u00e4fte angepasst werden. Das Rettungspersonal der ARS ist jedoch nicht f\u00fcr Pandemieeins\u00e4tze ausgebildet, ausger\u00fcstet und auch nicht prim\u00e4r vorgesehen. Deshalb m\u00fcssen unsere Retterinnen und Retter bei Eins\u00e4tzen zu Gunsten der Beh\u00f6rden mit einer entsprechenden Sofortausbildung und der erforderliche pers\u00f6nlichen Schutzausr\u00fcstung f\u00fcr bevorstehende Eins\u00e4tze durch die auftraggebende Organisation vorbereitet werden.<\/p>\n<p>Die Wahrscheinlichkeit von klassischen Bergrettungseins\u00e4tzen d\u00fcrfte sich durch die einschr\u00e4nkte Mobilit\u00e4t eher verringern und h\u00f6chstwahrscheinlich auch weniger klassische Risikogruppen betreffen. Folglich k\u00f6nnen diese Eins\u00e4tze gem\u00e4ss den aktuellen Vorgaben des BAG nach wie vor geleistet werden, unterstehen aber nach wie vor der Freiwilligkeit.<\/p>\n<p>Ich w\u00fcnsche allen gute Gesundheit.<\/p>\n<p>Blibid gsund!<\/p>\n<p>Martin K\u00fcchler<\/p>\n","protected":false},"excerpt":{"rendered":"<p>Leider geht die aktuelle Pandemie des Corona-Virus auch bei der Bergrettung nicht spurlos vorbei. Alle Rettungschefs der Alpinen Rettung Schweiz haben Anordnungen bekommen, wie wir uns im Falle von Eins\u00e4tzen verhalten m\u00fcssen. Die Lage der notfallmedizinischen Grundversorgung spitzt sich in verschiedenen Regionen mit unterschiedlicher Geschwindigkeit zu. Aktuell hat der Bundesrat den Notstand ausgerufen und die F\u00fchrung der Notfallorganisation liegt beim [&hellip;]<\/p>\n","protected":false},"author":1,"featured_media":0,"comment_status":"closed","ping_status":"open","sticky":false,"template":"","format":"standard","meta":{"footnotes":""},"categories":[31],"tags":[],"_links":{"self":[{"href":"https:\/\/sarneraatal.ch\/index.php\/wp-json\/wp\/v2\/posts\/429"}],"collection":[{"href":"https:\/\/sarneraatal.ch\/index.php\/wp-json\/wp\/v2\/posts"}],"about":[{"href":"https:\/\/sarneraatal.ch\/index.php\/wp-json\/wp\/v2\/types\/post"}],"author":[{"embeddable":true,"href":"https:\/\/sarneraatal.ch\/index.php\/wp-json\/wp\/v2\/users\/1"}],"replies":[{"embeddable":true,"href":"https:\/\/sarneraatal.ch\/index.php\/wp-json\/wp\/v2\/comments?post=429"}],"version-history":[{"count":1,"href":"https:\/\/sarneraatal.ch\/index.php\/wp-json\/wp\/v2\/posts\/429\/revisions"}],"predecessor-version":[{"id":430,"href":"https:\/\/sarneraatal.ch\/index.php\/wp-json\/wp\/v2\/posts\/429\/revisions\/430"}],"wp:attachment":[{"href":"https:\/\/sarneraatal.ch\/index.php\/wp-json\/wp\/v2\/media?parent=429"}],"wp:term":[{"taxonomy":"category","embeddable":true,"href":"https:\/\/sarneraatal.ch\/index.php\/wp-json\/wp\/v2\/categories?post=429"},{"taxonomy":"post_tag","embeddable":true,"href":"https:\/\/sarneraatal.ch\/index.php\/wp-json\/wp\/v2\/tags?post=429"}],"curies":[{"name":"wp","href":"https:\/\/api.w.org\/{rel}","templated":true}]}}