{"id":357,"date":"2020-03-15T14:01:14","date_gmt":"2020-03-15T13:01:14","guid":{"rendered":"https:\/\/sarneraatal.ch\/?p=357"},"modified":"2020-03-16T08:27:13","modified_gmt":"2020-03-16T07:27:13","slug":"hundefuehrer-der-rettungsstation","status":"publish","type":"post","link":"https:\/\/sarneraatal.ch\/index.php\/2020\/03\/15\/hundefuehrer-der-rettungsstation\/","title":{"rendered":"Hundef\u00fchrer der Rettungsstation"},"content":{"rendered":"<p>In unserer Rettungsstation verf\u00fcgen wir \u00fcber zwei Hundef\u00fchrer. Bart Del Mul-K\u00fcchler ist schon seit langer Zeit mit dabei und hat bereits seinen zweiten einsatzf\u00e4higen Hund Pandor. Sein erster Hund Fajo ist im letzten Sommer verstorben.<\/p>\n<p><img loading=\"lazy\" decoding=\"async\" class=\"alignnone wp-image-360\" src=\"https:\/\/sarneraatal.ch\/wp-content\/uploads\/2020\/03\/Bart_Pandor-300x225.jpg\" alt=\"\" width=\"450\" height=\"338\" srcset=\"https:\/\/sarneraatal.ch\/wp-content\/uploads\/2020\/03\/Bart_Pandor-300x225.jpg 300w, https:\/\/sarneraatal.ch\/wp-content\/uploads\/2020\/03\/Bart_Pandor-1024x768.jpg 1024w, https:\/\/sarneraatal.ch\/wp-content\/uploads\/2020\/03\/Bart_Pandor-768x576.jpg 768w, https:\/\/sarneraatal.ch\/wp-content\/uploads\/2020\/03\/Bart_Pandor-1536x1152.jpg 1536w, https:\/\/sarneraatal.ch\/wp-content\/uploads\/2020\/03\/Bart_Pandor.jpg 2016w\" sizes=\"(max-width: 450px) 100vw, 450px\" \/><\/p>\n<p>Bart ist mit Pandor einsatzf\u00e4hig als:<\/p>\n<ul>\n<li>GS-Hund (Gel\u00e4ndesuchhund)<\/li>\n<li>LW-Hund (Lawinensuchhund)<\/li>\n<\/ul>\n<p>&nbsp;<\/p>\n<p>Petra Fl\u00fcck hat im Fr\u00fchling 2019 den Eintrittstest erfolgreich bestanden. Im Herbst 2019 hat Sie den Grundkurs wiederum erfolgreich bestanden. Petra ist Fynn auf gutem Weg f\u00fcr die Wintersaison 2020\/21 die Ausbildung als Lawinenhundef\u00fchrerin abzuschliessen und als einsatzf\u00e4higes Team f\u00fcr Eins\u00e4tze bereit zu stehen.<\/p>\n<p><img loading=\"lazy\" decoding=\"async\" class=\"alignnone wp-image-362\" src=\"https:\/\/sarneraatal.ch\/wp-content\/uploads\/2020\/03\/Petra_Fynn-300x229.jpg\" alt=\"\" width=\"450\" height=\"344\" srcset=\"https:\/\/sarneraatal.ch\/wp-content\/uploads\/2020\/03\/Petra_Fynn-300x229.jpg 300w, https:\/\/sarneraatal.ch\/wp-content\/uploads\/2020\/03\/Petra_Fynn-768x587.jpg 768w, https:\/\/sarneraatal.ch\/wp-content\/uploads\/2020\/03\/Petra_Fynn.jpg 919w\" sizes=\"(max-width: 450px) 100vw, 450px\" \/><\/p>\n<p>&nbsp;<\/p>\n<p>\u00dcber die Trainingsgruppe der Hundef\u00fchrer werden wir demn\u00e4chst einen Beitrag ver\u00f6ffentlichen.<\/p>\n<p>Wir danken den beiden f\u00fcr ihren unerm\u00fcdlichen Einsatz.<\/p>\n","protected":false},"excerpt":{"rendered":"<p>In unserer Rettungsstation verf\u00fcgen wir \u00fcber zwei Hundef\u00fchrer. Bart Del Mul-K\u00fcchler ist schon seit langer Zeit mit dabei und hat bereits seinen zweiten einsatzf\u00e4higen Hund Pandor. Sein erster Hund Fajo ist im letzten Sommer verstorben. Bart ist mit Pandor einsatzf\u00e4hig als: GS-Hund (Gel\u00e4ndesuchhund) LW-Hund (Lawinensuchhund) &nbsp; Petra Fl\u00fcck hat im Fr\u00fchling 2019 den Eintrittstest erfolgreich bestanden. Im Herbst 2019 hat [&hellip;]<\/p>\n","protected":false},"author":1,"featured_media":0,"comment_status":"closed","ping_status":"open","sticky":false,"template":"","format":"standard","meta":{"footnotes":""},"categories":[31],"tags":[],"_links":{"self":[{"href":"https:\/\/sarneraatal.ch\/index.php\/wp-json\/wp\/v2\/posts\/357"}],"collection":[{"href":"https:\/\/sarneraatal.ch\/index.php\/wp-json\/wp\/v2\/posts"}],"about":[{"href":"https:\/\/sarneraatal.ch\/index.php\/wp-json\/wp\/v2\/types\/post"}],"author":[{"embeddable":true,"href":"https:\/\/sarneraatal.ch\/index.php\/wp-json\/wp\/v2\/users\/1"}],"replies":[{"embeddable":true,"href":"https:\/\/sarneraatal.ch\/index.php\/wp-json\/wp\/v2\/comments?post=357"}],"version-history":[{"count":7,"href":"https:\/\/sarneraatal.ch\/index.php\/wp-json\/wp\/v2\/posts\/357\/revisions"}],"predecessor-version":[{"id":368,"href":"https:\/\/sarneraatal.ch\/index.php\/wp-json\/wp\/v2\/posts\/357\/revisions\/368"}],"wp:attachment":[{"href":"https:\/\/sarneraatal.ch\/index.php\/wp-json\/wp\/v2\/media?parent=357"}],"wp:term":[{"taxonomy":"category","embeddable":true,"href":"https:\/\/sarneraatal.ch\/index.php\/wp-json\/wp\/v2\/categories?post=357"},{"taxonomy":"post_tag","embeddable":true,"href":"https:\/\/sarneraatal.ch\/index.php\/wp-json\/wp\/v2\/tags?post=357"}],"curies":[{"name":"wp","href":"https:\/\/api.w.org\/{rel}","templated":true}]}}