{"id":332,"date":"2020-03-12T12:38:29","date_gmt":"2020-03-12T11:38:29","guid":{"rendered":"https:\/\/sarneraatal.ch\/?p=332"},"modified":"2020-03-12T12:41:44","modified_gmt":"2020-03-12T11:41:44","slug":"einsatzstatistik","status":"publish","type":"post","link":"https:\/\/sarneraatal.ch\/index.php\/2020\/03\/12\/einsatzstatistik\/","title":{"rendered":"Einsatzstatistik"},"content":{"rendered":"<p>Die Eins\u00e4tze der Rettungsstation haben in den letzten Jahren eine leichte Zunahme zu verzeichnen. Einer der Gr\u00fcnde ist die zunehmende Anzahl von Evakuationen in den vergangenen Jahren. Freizeitsportler untersch\u00e4tzen oftmals ihre eigenen M\u00f6glichkeiten und geraten im missliche Situationen. Blockierungen im schwierigen Gel\u00e4nde, Verlust der Orientierung, pl\u00f6tzliche Wetterumschl\u00e4ge und die \u00dcbersch\u00e4tzung der eigenen Kr\u00e4fte sind die h\u00e4ufigsten Gr\u00fcnde daf\u00fcr.<\/p>\n<p>Die j\u00e4hrlichen Einsatzstunden sind \u00fcber die Jahre mit grossen Schwankungen zu beobachten. Grosse und aufwendige Suchaktionen sind hier der einfache Grund daf\u00fcr.<\/p>\n<table style=\"border-collapse: collapse; width: 100%;\">\n<tbody>\n<tr>\n<td style=\"width: 50%;\"><img loading=\"lazy\" decoding=\"async\" class=\"alignnone wp-image-334\" src=\"https:\/\/sarneraatal.ch\/wp-content\/uploads\/2020\/03\/EinsatzStatistik2019-300x197.png\" alt=\"\" width=\"410\" height=\"269\" srcset=\"https:\/\/sarneraatal.ch\/wp-content\/uploads\/2020\/03\/EinsatzStatistik2019-300x197.png 300w, https:\/\/sarneraatal.ch\/wp-content\/uploads\/2020\/03\/EinsatzStatistik2019.png 482w\" sizes=\"(max-width: 410px) 100vw, 410px\" \/><\/td>\n<td style=\"width: 50%;\"><img loading=\"lazy\" decoding=\"async\" class=\"alignnone wp-image-335\" src=\"https:\/\/sarneraatal.ch\/wp-content\/uploads\/2020\/03\/EinsatzStundenStat2019-300x197.png\" alt=\"\" width=\"410\" height=\"269\" srcset=\"https:\/\/sarneraatal.ch\/wp-content\/uploads\/2020\/03\/EinsatzStundenStat2019-300x197.png 300w, https:\/\/sarneraatal.ch\/wp-content\/uploads\/2020\/03\/EinsatzStundenStat2019.png 480w\" sizes=\"(max-width: 410px) 100vw, 410px\" \/><\/td>\n<\/tr>\n<\/tbody>\n<\/table>\n<p>&nbsp;<\/p>\n","protected":false},"excerpt":{"rendered":"<p>Die Eins\u00e4tze der Rettungsstation haben in den letzten Jahren eine leichte Zunahme zu verzeichnen. Einer der Gr\u00fcnde ist die zunehmende Anzahl von Evakuationen in den vergangenen Jahren. Freizeitsportler untersch\u00e4tzen oftmals ihre eigenen M\u00f6glichkeiten und geraten im missliche Situationen. Blockierungen im schwierigen Gel\u00e4nde, Verlust der Orientierung, pl\u00f6tzliche Wetterumschl\u00e4ge und die \u00dcbersch\u00e4tzung der eigenen Kr\u00e4fte sind die h\u00e4ufigsten Gr\u00fcnde daf\u00fcr. Die j\u00e4hrlichen [&hellip;]<\/p>\n","protected":false},"author":1,"featured_media":0,"comment_status":"closed","ping_status":"open","sticky":false,"template":"","format":"standard","meta":{"footnotes":""},"categories":[31],"tags":[],"_links":{"self":[{"href":"https:\/\/sarneraatal.ch\/index.php\/wp-json\/wp\/v2\/posts\/332"}],"collection":[{"href":"https:\/\/sarneraatal.ch\/index.php\/wp-json\/wp\/v2\/posts"}],"about":[{"href":"https:\/\/sarneraatal.ch\/index.php\/wp-json\/wp\/v2\/types\/post"}],"author":[{"embeddable":true,"href":"https:\/\/sarneraatal.ch\/index.php\/wp-json\/wp\/v2\/users\/1"}],"replies":[{"embeddable":true,"href":"https:\/\/sarneraatal.ch\/index.php\/wp-json\/wp\/v2\/comments?post=332"}],"version-history":[{"count":6,"href":"https:\/\/sarneraatal.ch\/index.php\/wp-json\/wp\/v2\/posts\/332\/revisions"}],"predecessor-version":[{"id":340,"href":"https:\/\/sarneraatal.ch\/index.php\/wp-json\/wp\/v2\/posts\/332\/revisions\/340"}],"wp:attachment":[{"href":"https:\/\/sarneraatal.ch\/index.php\/wp-json\/wp\/v2\/media?parent=332"}],"wp:term":[{"taxonomy":"category","embeddable":true,"href":"https:\/\/sarneraatal.ch\/index.php\/wp-json\/wp\/v2\/categories?post=332"},{"taxonomy":"post_tag","embeddable":true,"href":"https:\/\/sarneraatal.ch\/index.php\/wp-json\/wp\/v2\/tags?post=332"}],"curies":[{"name":"wp","href":"https:\/\/api.w.org\/{rel}","templated":true}]}}