{"id":144,"date":"2018-12-17T08:15:25","date_gmt":"2018-12-17T08:15:25","guid":{"rendered":"https:\/\/web286.sr101.firestorm.ch\/WP\/index.php\/suchaktion-pilatus-11-12-09-2017\/"},"modified":"2020-03-09T10:38:41","modified_gmt":"2020-03-09T09:38:41","slug":"suchaktion-pilatus-11-12-09-2017","status":"publish","type":"post","link":"https:\/\/sarneraatal.ch\/index.php\/2018\/12\/17\/suchaktion-pilatus-11-12-09-2017\/","title":{"rendered":"Rettung Fr\u00e4km\u00fcnt (16.12.2018)"},"content":{"rendered":"<p>mk. Eine Gruppe einer Jugendorganisation aus Alpnach \u00fcbernachtete vom Samstag auf den Sonntag in der Alph\u00fctte der Tomlisalp. Zu sp\u00e4ter Stunde st\u00fcrzte ein Jugendlicher aus rund 2 Metern H\u00f6he auf die rechte Schulter.<br \/>\nAm Sonntagmorgen schmerzte die Schulter des Jugendlichen immer noch so stark, dass ein Begleiter die Rega alarmierte. Dichter Nebel und Wind zwangen den Heli unverrichteter Dinge wieder auf Basis zur\u00fcck zu fliegen.<br \/>\nIn der Nacht hatte es bis in tiefe Lagen frisch geschneit. Der Rettungschef organisierte die Gemeindedienste mit einem Schneepflug, um die Strasse so weit wie m\u00f6glich von Schnee zu befreien.<br \/>\nSechs Bergretter machten sich zu Fuss durch den Neuschnee auf den Weg zur Alph\u00fctte. In der Zwischenzeit haben zwei Begleiter den Verletzten von Tomlish\u00fctte bis zur H\u00fctte auf der Fr\u00e4km\u00fcnt gebracht. Vor Ort haben wir einen von starken Schmerzen gezeichneten Jungw\u00e4chter angetroffen. Unser Mediziner versorgte den Patienten mit starken Schmerzmitteln und machte den Patienten Transportf\u00e4hig. \u00dcber steile und rutschige H\u00e4nge transportierten wir den Verletzten sorgf\u00e4ltig bis zu unseren Autos. Von da fuhren wir mit den eigenen vier Rad angetriebenen PW\u2019s zur \u00dcbergabestelle der bestellten Ambulanz, die den Jugendlichen weiter ins Spital \u00fcberf\u00fchrte.<\/p>\n<p>Im Einsatz standen die Rega, die Gemeindedienste von Alpnach, der Rettungsdienst des Kantonsspitals Obwalden und 6 Bergretter der Rettungsstation Sarneraatal der Alpinen Rettung Schweiz.<\/p>\n","protected":false},"excerpt":{"rendered":"<p>mk. Eine Gruppe einer Jugendorganisation aus Alpnach \u00fcbernachtete vom Samstag auf den Sonntag in der Alph\u00fctte der Tomlisalp. Zu sp\u00e4ter Stunde st\u00fcrzte ein Jugendlicher aus rund 2 Metern H\u00f6he auf die rechte Schulter. Am Sonntagmorgen schmerzte die Schulter des Jugendlichen immer noch so stark, dass ein Begleiter die Rega alarmierte. Dichter Nebel und Wind zwangen den Heli unverrichteter Dinge wieder [&hellip;]<\/p>\n","protected":false},"author":1,"featured_media":0,"comment_status":"closed","ping_status":"closed","sticky":false,"template":"","format":"standard","meta":{"footnotes":""},"categories":[31],"tags":[],"_links":{"self":[{"href":"https:\/\/sarneraatal.ch\/index.php\/wp-json\/wp\/v2\/posts\/144"}],"collection":[{"href":"https:\/\/sarneraatal.ch\/index.php\/wp-json\/wp\/v2\/posts"}],"about":[{"href":"https:\/\/sarneraatal.ch\/index.php\/wp-json\/wp\/v2\/types\/post"}],"author":[{"embeddable":true,"href":"https:\/\/sarneraatal.ch\/index.php\/wp-json\/wp\/v2\/users\/1"}],"replies":[{"embeddable":true,"href":"https:\/\/sarneraatal.ch\/index.php\/wp-json\/wp\/v2\/comments?post=144"}],"version-history":[{"count":2,"href":"https:\/\/sarneraatal.ch\/index.php\/wp-json\/wp\/v2\/posts\/144\/revisions"}],"predecessor-version":[{"id":255,"href":"https:\/\/sarneraatal.ch\/index.php\/wp-json\/wp\/v2\/posts\/144\/revisions\/255"}],"wp:attachment":[{"href":"https:\/\/sarneraatal.ch\/index.php\/wp-json\/wp\/v2\/media?parent=144"}],"wp:term":[{"taxonomy":"category","embeddable":true,"href":"https:\/\/sarneraatal.ch\/index.php\/wp-json\/wp\/v2\/categories?post=144"},{"taxonomy":"post_tag","embeddable":true,"href":"https:\/\/sarneraatal.ch\/index.php\/wp-json\/wp\/v2\/tags?post=144"}],"curies":[{"name":"wp","href":"https:\/\/api.w.org\/{rel}","templated":true}]}}