{"id":143,"date":"2018-12-31T19:32:27","date_gmt":"2018-12-31T19:32:27","guid":{"rendered":"https:\/\/web286.sr101.firestorm.ch\/WP\/index.php\/zusammenarbeit-mit-rd-144-und-ksd-2\/"},"modified":"2020-03-09T10:36:56","modified_gmt":"2020-03-09T09:36:56","slug":"zusammenarbeit-mit-rd-144-und-ksd-2","status":"publish","type":"post","link":"https:\/\/sarneraatal.ch\/index.php\/2018\/12\/31\/zusammenarbeit-mit-rd-144-und-ksd-2\/","title":{"rendered":"Personelle Ver\u00e4nderung im ZSO"},"content":{"rendered":"<p>mk. In der Zivilschutzorganisation Obwalden gibt es grosse personelle Ver\u00e4nderungen.<\/p>\n<p><!--more--><\/p>\n<p>Die Rettungsstation Sarneraatal arbeitet eng mit der Zivilschutzorganisatation Obwalden zusammen. Vor allem nutzen wir f\u00fcr unsere Ausbildung die Infrastruktur des Zivlischutzes. Zudem d\u00fcrfen wir s\u00e4mtliches Material zur Erf\u00fcllung unserer Aufgabe des Zivilschutzes mitbenutzen, wenn der Zivlischutz es nicht selber ben\u00f6tigt. Diese Abmachung haben wir vor vielen Jahren mit dem Zivilschutz getroffen.<\/p>\n<p>Ewald Degelo ist auf Ende 2018 in den Ruhestand getreten. Vielen Dank f\u00fcr die tolle Zusammenarbeit. Unser Einsatzleiter Andre Aufdermauer, dem wir ebenfalls viel zu verdanken haben, wechselt als Materialverwalter zur St\u00fctzpunktfeurrwehr Sarnen.<\/p>\n<p>So wurden beim Zivilschutz zahlreiche Posten neu besetzt:<\/p>\n<table>\n<tbody>\n<tr>\n<td>\u00a0Leiter ZSO<\/td>\n<td><\/td>\n<td>\u00a0Odermatt Bruno<\/td>\n<\/tr>\n<tr>\n<td>\u00a0Instruktor ZSO<\/td>\n<td><\/td>\n<td>\u00a0von Fl\u00fce Manuel<\/td>\n<\/tr>\n<tr>\n<td>\u00a0Logistiker<\/td>\n<td><\/td>\n<td>\u00a0K\u00fcchler Remo<\/td>\n<\/tr>\n<\/tbody>\n<\/table>\n<p>Wir w\u00fcnschen allen einen guten Start und z\u00e4hlen weiterhin auf eine gute Zusammenarbeit..<\/p>\n","protected":false},"excerpt":{"rendered":"<p>mk. In der Zivilschutzorganisation Obwalden gibt es grosse personelle Ver\u00e4nderungen.<\/p>\n","protected":false},"author":1,"featured_media":0,"comment_status":"closed","ping_status":"closed","sticky":false,"template":"","format":"standard","meta":{"footnotes":""},"categories":[31],"tags":[],"_links":{"self":[{"href":"https:\/\/sarneraatal.ch\/index.php\/wp-json\/wp\/v2\/posts\/143"}],"collection":[{"href":"https:\/\/sarneraatal.ch\/index.php\/wp-json\/wp\/v2\/posts"}],"about":[{"href":"https:\/\/sarneraatal.ch\/index.php\/wp-json\/wp\/v2\/types\/post"}],"author":[{"embeddable":true,"href":"https:\/\/sarneraatal.ch\/index.php\/wp-json\/wp\/v2\/users\/1"}],"replies":[{"embeddable":true,"href":"https:\/\/sarneraatal.ch\/index.php\/wp-json\/wp\/v2\/comments?post=143"}],"version-history":[{"count":1,"href":"https:\/\/sarneraatal.ch\/index.php\/wp-json\/wp\/v2\/posts\/143\/revisions"}],"predecessor-version":[{"id":253,"href":"https:\/\/sarneraatal.ch\/index.php\/wp-json\/wp\/v2\/posts\/143\/revisions\/253"}],"wp:attachment":[{"href":"https:\/\/sarneraatal.ch\/index.php\/wp-json\/wp\/v2\/media?parent=143"}],"wp:term":[{"taxonomy":"category","embeddable":true,"href":"https:\/\/sarneraatal.ch\/index.php\/wp-json\/wp\/v2\/categories?post=143"},{"taxonomy":"post_tag","embeddable":true,"href":"https:\/\/sarneraatal.ch\/index.php\/wp-json\/wp\/v2\/tags?post=143"}],"curies":[{"name":"wp","href":"https:\/\/api.w.org\/{rel}","templated":true}]}}